{"id":681,"date":"2016-08-02T11:39:27","date_gmt":"2016-08-02T11:39:27","guid":{"rendered":"http:\/\/sc.essehof-online.de\/?p=681"},"modified":"2016-08-02T11:42:15","modified_gmt":"2016-08-02T11:42:15","slug":"neu-geraeteturnen-und-akrobatik-fuer-kinder-ab-6","status":"publish","type":"post","link":"http:\/\/sc.essehof-online.de\/?p=681","title":{"rendered":"Neu: Ger\u00e4teturnen und Akrobatik f\u00fcr Kinder ab 6"},"content":{"rendered":"<p><a href=\"http:\/\/sc.essehof-online.de\/wp-content\/uploads\/2016\/08\/handstand.jpg\"><img loading=\"lazy\" decoding=\"async\" class=\"wp-image-683 alignleft\" src=\"http:\/\/sc.essehof-online.de\/wp-content\/uploads\/2016\/08\/handstand-150x150.jpg\" alt=\"handstand\" width=\"109\" height=\"109\" \/><\/a>Hallo Kinder, nach den Sommerferien gibt es ein neues Angebot f\u00fcr euch!<\/p>\n<p>Marcus Fuhse \u2013 ihr kennt ihn vielleicht bereits als Trainer unserer j\u00fcngsten Ju-Jusutsuka \u2013 bietet Ger\u00e4teturnen und Akrobatik f\u00fcr Kinder ab 6 Jahren an.<\/p>\n<p>Die Turnhalle bietet doch zahlreiche Ger\u00e4te, die wir nutzen wollen. Aufw\u00e4rmen werden wir uns mit Elementen der Akrobatik.<a href=\"http:\/\/sc.essehof-online.de\/wp-content\/uploads\/2016\/08\/barren.jpg\"><img loading=\"lazy\" decoding=\"async\" class=\"wp-image-682 alignright\" src=\"http:\/\/sc.essehof-online.de\/wp-content\/uploads\/2016\/08\/barren-150x150.jpg\" alt=\"barren\" width=\"105\" height=\"105\" \/><\/a><\/p>\n<p>Wann:\u00a0 Dienstags 16:30 bis 18:00<\/p>\n<p>Wo:\u00a0\u00a0\u00a0\u00a0\u00a0\u00a0 Turnhalle Essehof<\/p>\n<p>Start:\u00a0\u00a0\u00a0 Dienstag, 09.08.2016.\u00a0 Kommt vorbei!<\/p>\n<p>Bei Fragen wendet ihr euch an Heike Gebauer (05309-8127)<\/p>\n<p>oder Martin Fr\u00f6hling (05309-981046)<\/p>\n","protected":false},"excerpt":{"rendered":"<p>Hallo Kinder, nach den Sommerferien gibt es ein neues Angebot f\u00fcr euch! Marcus Fuhse \u2013 ihr kennt ihn vielleicht bereits als Trainer unserer j\u00fcngsten Ju-Jusutsuka \u2013 bietet Ger\u00e4teturnen und Akrobatik f\u00fcr Kinder ab 6 Jahren an. Die Turnhalle bietet doch zahlreiche Ger\u00e4te, die wir nutzen wollen. Aufw\u00e4rmen werden wir uns mit Elementen der Akrobatik. Wann:\u00a0 &hellip; <a href=\"http:\/\/sc.essehof-online.de\/?p=681\" class=\"more-link\"><span class=\"screen-reader-text\">Neu: Ger\u00e4teturnen und Akrobatik f\u00fcr Kinder ab 6<\/span> weiterlesen <span class=\"meta-nav\">&rarr;<\/span><\/a><\/p>\n","protected":false},"author":2,"featured_media":0,"comment_status":"closed","ping_status":"closed","sticky":false,"template":"","format":"standard","meta":{"footnotes":""},"categories":[3],"tags":[],"class_list":["post-681","post","type-post","status-publish","format-standard","hentry","category-allgemein"],"_links":{"self":[{"href":"http:\/\/sc.essehof-online.de\/index.php?rest_route=\/wp\/v2\/posts\/681","targetHints":{"allow":["GET"]}}],"collection":[{"href":"http:\/\/sc.essehof-online.de\/index.php?rest_route=\/wp\/v2\/posts"}],"about":[{"href":"http:\/\/sc.essehof-online.de\/index.php?rest_route=\/wp\/v2\/types\/post"}],"author":[{"embeddable":true,"href":"http:\/\/sc.essehof-online.de\/index.php?rest_route=\/wp\/v2\/users\/2"}],"replies":[{"embeddable":true,"href":"http:\/\/sc.essehof-online.de\/index.php?rest_route=%2Fwp%2Fv2%2Fcomments&post=681"}],"version-history":[{"count":3,"href":"http:\/\/sc.essehof-online.de\/index.php?rest_route=\/wp\/v2\/posts\/681\/revisions"}],"predecessor-version":[{"id":687,"href":"http:\/\/sc.essehof-online.de\/index.php?rest_route=\/wp\/v2\/posts\/681\/revisions\/687"}],"wp:attachment":[{"href":"http:\/\/sc.essehof-online.de\/index.php?rest_route=%2Fwp%2Fv2%2Fmedia&parent=681"}],"wp:term":[{"taxonomy":"category","embeddable":true,"href":"http:\/\/sc.essehof-online.de\/index.php?rest_route=%2Fwp%2Fv2%2Fcategories&post=681"},{"taxonomy":"post_tag","embeddable":true,"href":"http:\/\/sc.essehof-online.de\/index.php?rest_route=%2Fwp%2Fv2%2Ftags&post=681"}],"curies":[{"name":"wp","href":"https:\/\/api.w.org\/{rel}","templated":true}]}}