{"id":173,"date":"2013-02-16T11:30:13","date_gmt":"2013-02-16T11:30:13","guid":{"rendered":"http:\/\/sc.essehof-online.de\/?p=173"},"modified":"2013-02-16T11:55:12","modified_gmt":"2013-02-16T11:55:12","slug":"jahreshauptversammlung-am-16-02-2013","status":"publish","type":"post","link":"http:\/\/sc.essehof-online.de\/?p=173","title":{"rendered":"Jahreshauptversammlung am 16.02.2013"},"content":{"rendered":"<p>Am Samstag, den 16.02.2013, findet um 19.30 Uhr die Jahreshauptversammlung des Sport-Club Essehof in der Gastst\u00e4tte \u201cZum Walde\u201d statt. Alle Vereinsmitglieder sind herzlich eingeladen.<br \/>\nAntr\u00e4ge zur Tagesordnung sind bis zum 12.02.2013 schriftlich beim 1.Vorsitzenden , oder einem anderen Vorstandsmitglied einzureichen.<!--more--><\/p>\n<p><strong>Tagesordnung:<\/strong><\/p>\n<p>1.0\u00a0\u00a0 \u00a0Begr\u00fc\u00dfung<br \/>\n1.1\u00a0\u00a0 \u00a0Feststellen der satzungsgem\u00e4\u00dfen Ladung<br \/>\n1.2\u00a0\u00a0 \u00a0Feststellen der Anwesenheit und der Stimmberechtigten<br \/>\n1.3\u00a0\u00a0 \u00a0Verlesen der eingereichten Antr\u00e4ge zur Tagesordnung<br \/>\n1.4\u00a0\u00a0 \u00a0Abstimmung \u00fcber die Aufnahme der eingereichten Antr\u00e4ge in die Tagesordnung<br \/>\n2.0\u00a0\u00a0 \u00a0Verlesen des Protokolls der letzten Jahreshauptversammlung<br \/>\n2.1\u00a0\u00a0 \u00a0Genehmigung des Protokolls der letzten Jahreshauptversammlung<br \/>\n3.0\u00a0\u00a0 \u00a0Rechenschaftsberichte<br \/>\n4.0\u00a0\u00a0 \u00a0Bericht der Kassenpr\u00fcfer<br \/>\n5.0\u00a0\u00a0 \u00a0Geplante Verwendung der Vereinsmittel in 2013<br \/>\n5.1\u00a0\u00a0 \u00a0Beschlu\u00df \u00fcber die geplante Verwendung<br \/>\n6.0\u00a0\u00a0 \u00a0Beitr\u00e4ge 2013<br \/>\n6.1\u00a0\u00a0 \u00a0Beschlu\u00df \u00fcber die Beitr\u00e4ge<br \/>\n7.0\u00a0\u00a0 \u00a0Entlastung des Vorstandes<br \/>\n8.0\u00a0\u00a0 \u00a0Neuwahlen:<br \/>\n1.Vorsitzender<br \/>\nGesch\u00e4ftsf\u00fchrer<br \/>\nJugendwart<br \/>\nPressewart<br \/>\nSpartenleiterin Damengymnastik<br \/>\nSpartenleiter Herrensport<br \/>\nSpartenleiter Ju-Jutsu<br \/>\nKassenpr\u00fcfer<br \/>\nEhrenrat<br \/>\n9.0\u00a0\u00a0 \u00a0Ehrungen<br \/>\n10.0\u00a0\u00a0 \u00a0Vereinskalender 2013<br \/>\n11.0\u00a0\u00a0 \u00a0Nachtr\u00e4glich aufgenommene Tagesordnungspunkte<br \/>\n12.0\u00a0\u00a0 \u00a0Anfragen und Anregungen<strong><\/strong><\/p>\n","protected":false},"excerpt":{"rendered":"<p>Am Samstag, den 16.02.2013, findet um 19.30 Uhr die Jahreshauptversammlung des Sport-Club Essehof in der Gastst\u00e4tte \u201cZum Walde\u201d statt. Alle Vereinsmitglieder sind herzlich eingeladen. Antr\u00e4ge zur Tagesordnung sind bis zum 12.02.2013 schriftlich beim 1.Vorsitzenden , oder einem anderen Vorstandsmitglied einzureichen.<\/p>\n","protected":false},"author":2,"featured_media":0,"comment_status":"closed","ping_status":"closed","sticky":false,"template":"","format":"standard","meta":{"footnotes":""},"categories":[3],"tags":[],"class_list":["post-173","post","type-post","status-publish","format-standard","hentry","category-allgemein"],"_links":{"self":[{"href":"http:\/\/sc.essehof-online.de\/index.php?rest_route=\/wp\/v2\/posts\/173","targetHints":{"allow":["GET"]}}],"collection":[{"href":"http:\/\/sc.essehof-online.de\/index.php?rest_route=\/wp\/v2\/posts"}],"about":[{"href":"http:\/\/sc.essehof-online.de\/index.php?rest_route=\/wp\/v2\/types\/post"}],"author":[{"embeddable":true,"href":"http:\/\/sc.essehof-online.de\/index.php?rest_route=\/wp\/v2\/users\/2"}],"replies":[{"embeddable":true,"href":"http:\/\/sc.essehof-online.de\/index.php?rest_route=%2Fwp%2Fv2%2Fcomments&post=173"}],"version-history":[{"count":6,"href":"http:\/\/sc.essehof-online.de\/index.php?rest_route=\/wp\/v2\/posts\/173\/revisions"}],"predecessor-version":[{"id":176,"href":"http:\/\/sc.essehof-online.de\/index.php?rest_route=\/wp\/v2\/posts\/173\/revisions\/176"}],"wp:attachment":[{"href":"http:\/\/sc.essehof-online.de\/index.php?rest_route=%2Fwp%2Fv2%2Fmedia&parent=173"}],"wp:term":[{"taxonomy":"category","embeddable":true,"href":"http:\/\/sc.essehof-online.de\/index.php?rest_route=%2Fwp%2Fv2%2Fcategories&post=173"},{"taxonomy":"post_tag","embeddable":true,"href":"http:\/\/sc.essehof-online.de\/index.php?rest_route=%2Fwp%2Fv2%2Ftags&post=173"}],"curies":[{"name":"wp","href":"https:\/\/api.w.org\/{rel}","templated":true}]}}